{"id":925,"date":"2021-01-27T18:34:28","date_gmt":"2021-01-27T21:34:28","guid":{"rendered":"http:\/\/eventuale.com.br\/index.php\/2021\/01\/27\/ahhhhh-gente-essa-nem-precisa-de-legenda-ne-o-amarelo-deixa-a-decoracao-vibr\/"},"modified":"2021-01-27T18:34:28","modified_gmt":"2021-01-27T21:34:28","slug":"ahhhhh-gente-essa-nem-precisa-de-legenda-ne-o-amarelo-deixa-a-decoracao-vibr","status":"publish","type":"post","link":"https:\/\/eventuale.com.br\/index.php\/2021\/01\/27\/ahhhhh-gente-essa-nem-precisa-de-legenda-ne-o-amarelo-deixa-a-decoracao-vibr\/","title":{"rendered":"Ahhhhh, gente! Essa nem precisa de legenda, n\u00e9? O amarelo deixa a decora\u00e7\u00e3o vibr&#8230;"},"content":{"rendered":"\n<a href=\"http:\/\/instagram.com\/p\/CKkE2k8hNVU\"><img decoding=\"async\" src=\"https:\/\/eventuale.com.br\/wp-content\/uploads\/2021\/06\/142478110_894150591412609_1162881898192183488_n.jpg\" \/><\/a><\/p>\n<p>Ahhhhh, gente! Essa nem precisa de legenda, n\u00e9? O amarelo deixa a decora\u00e7\u00e3o vibrante, alegre e super elegante! \ud83d\ude0d\ud83d\ude0d\ud83d\udc9b #decora\u00e7\u00e3o #decoracaodecasamento #casamento #noivas #eventos #eventuale<br \/>\n@toninhoaleixodecorador @larmoniejf<\/p>\n\n<br \/><a href=\"http:\/\/instagram.com\/p\/CKkE2k8hNVU\">Source<\/a><\/p>\n","protected":false},"excerpt":{"rendered":"<p>Ahhhhh, gente! Essa nem precisa de legenda, n\u00e9? O amarelo deixa a decora\u00e7\u00e3o vibrante, alegre e super elegante! \ud83d\ude0d\ud83d\ude0d\ud83d\udc9b #decora\u00e7\u00e3o #decoracaodecasamento #casamento #noivas #eventos #eventuale @toninhoaleixodecorador @larmoniejf Source<\/p>\n","protected":false},"author":1,"featured_media":926,"comment_status":"open","ping_status":"open","sticky":false,"template":"","format":"standard","meta":{"_mbp_gutenberg_autopost":false,"fifu_image_url":"","fifu_image_alt":"","footnotes":""},"categories":[1],"tags":[14,17,52,15,13,63],"class_list":{"0":"post-925","1":"post","2":"type-post","3":"status-publish","4":"format-standard","5":"has-post-thumbnail","7":"category-sem-categoria","8":"tag-casamento","9":"tag-decoracao","10":"tag-decoracaodecasamento","11":"tag-eventos","12":"tag-eventuale","13":"tag-noivas","14":"czr-hentry"},"_links":{"self":[{"href":"https:\/\/eventuale.com.br\/index.php\/wp-json\/wp\/v2\/posts\/925","targetHints":{"allow":["GET"]}}],"collection":[{"href":"https:\/\/eventuale.com.br\/index.php\/wp-json\/wp\/v2\/posts"}],"about":[{"href":"https:\/\/eventuale.com.br\/index.php\/wp-json\/wp\/v2\/types\/post"}],"author":[{"embeddable":true,"href":"https:\/\/eventuale.com.br\/index.php\/wp-json\/wp\/v2\/users\/1"}],"replies":[{"embeddable":true,"href":"https:\/\/eventuale.com.br\/index.php\/wp-json\/wp\/v2\/comments?post=925"}],"version-history":[{"count":0,"href":"https:\/\/eventuale.com.br\/index.php\/wp-json\/wp\/v2\/posts\/925\/revisions"}],"wp:featuredmedia":[{"embeddable":true,"href":"https:\/\/eventuale.com.br\/index.php\/wp-json\/wp\/v2\/media\/926"}],"wp:attachment":[{"href":"https:\/\/eventuale.com.br\/index.php\/wp-json\/wp\/v2\/media?parent=925"}],"wp:term":[{"taxonomy":"category","embeddable":true,"href":"https:\/\/eventuale.com.br\/index.php\/wp-json\/wp\/v2\/categories?post=925"},{"taxonomy":"post_tag","embeddable":true,"href":"https:\/\/eventuale.com.br\/index.php\/wp-json\/wp\/v2\/tags?post=925"}],"curies":[{"name":"wp","href":"https:\/\/api.w.org\/{rel}","templated":true}]}}