{"id":896,"date":"2021-03-23T13:11:49","date_gmt":"2021-03-23T16:11:49","guid":{"rendered":"http:\/\/eventuale.com.br\/index.php\/2021\/03\/23\/eu-simplesmente-amei-vi-no-ouniversodasnoivas-e-tive-que-trazer-pra-ca\/"},"modified":"2021-03-23T13:11:49","modified_gmt":"2021-03-23T16:11:49","slug":"eu-simplesmente-amei-vi-no-ouniversodasnoivas-e-tive-que-trazer-pra-ca","status":"publish","type":"post","link":"https:\/\/eventuale.com.br\/index.php\/2021\/03\/23\/eu-simplesmente-amei-vi-no-ouniversodasnoivas-e-tive-que-trazer-pra-ca\/","title":{"rendered":"Eu simplesmente amei!!! Vi no @ouniversodasnoivas e tive que trazer pra c\u00e1!!! \n\n&#8230;"},"content":{"rendered":"\n<a href=\"http:\/\/instagram.com\/p\/CMxHSLaBTD2\"><img decoding=\"async\" style=\"display:none\"  src=\"https:\/\/eventuale.com.br\/wp-content\/uploads\/2021\/06\/163408788_2924882874426051_5139568338592804449_n.jpg\" \/><\/a><\/p>\n<blockquote class=\"instagram-media\" data-instgrm-permalink=\"http:\/\/instagram.com\/p\/CMxHSLaBTD2\" data-instgrm-version=\"8\" style=\" background:#FFF; border:0; border-radius:3px; box-shadow:0 0 1px 0 rgba(0,0,0,0.5),0 1px 10px 0 rgba(0,0,0,0.15); margin: 1px; max-width:658px; padding:0; width:99.375%; width:-webkit-calc(100% - 2px); width:calc(100% - 2px);\"><p>&nbsp;<\/p><\/blockquote>\n<p> <script async defer src=\"\/\/www.instagram.com\/embed.js\"><\/script> Eu simplesmente amei!!! Vi no @ouniversodasnoivas e tive que trazer pra c\u00e1!!! <\/p>\n<p>Anuncia\u00e7\u00e3o, a Clarinada Brasileira!<\/p>\n<p>Voc\u00ea entraria na cerim\u00f4nia assim?<\/p>\n<p>Execu\u00e7\u00e3o da orquestra @menegato.coral <\/p>\n<p>#noiva #madrinha #vestidodenoiva #noivas #noivado #noivinha #wedding #weddings #weddingday #weddingdress #casamento #casamentos #coral #orquestra #musicaparacasamento<\/p>\n\n<br \/><a href=\"http:\/\/instagram.com\/p\/CMxHSLaBTD2\">Source<\/a><\/p>\n","protected":false},"excerpt":{"rendered":"<p>&nbsp; Eu simplesmente amei!!! Vi no @ouniversodasnoivas e tive que trazer pra c\u00e1!!! Anuncia\u00e7\u00e3o, a Clarinada Brasileira! Voc\u00ea entraria na cerim\u00f4nia assim? Execu\u00e7\u00e3o da orquestra @menegato.coral #noiva #madrinha #vestidodenoiva #noivas #noivado #noivinha #wedding #weddings #weddingday #weddingdress #casamento #casamentos #coral #orquestra #musicaparacasamento Source<\/p>\n","protected":false},"author":1,"featured_media":897,"comment_status":"open","ping_status":"open","sticky":false,"template":"","format":"standard","meta":{"_mbp_gutenberg_autopost":false,"fifu_image_url":"","fifu_image_alt":"","footnotes":""},"categories":[1],"tags":[14,41,111,100,113,46,47,63,102,112,109,48,49,110,103],"class_list":{"0":"post-896","1":"post","2":"type-post","3":"status-publish","4":"format-standard","5":"has-post-thumbnail","7":"category-sem-categoria","8":"tag-casamento","9":"tag-casamentos","10":"tag-coral","11":"tag-madrinha","12":"tag-musicaparacasamento","13":"tag-noiva","14":"tag-noivado","15":"tag-noivas","16":"tag-noivinha","17":"tag-orquestra","18":"tag-vestidodenoiva","19":"tag-wedding","20":"tag-weddingday","21":"tag-weddingdress","22":"tag-weddings","23":"czr-hentry"},"_links":{"self":[{"href":"https:\/\/eventuale.com.br\/index.php\/wp-json\/wp\/v2\/posts\/896","targetHints":{"allow":["GET"]}}],"collection":[{"href":"https:\/\/eventuale.com.br\/index.php\/wp-json\/wp\/v2\/posts"}],"about":[{"href":"https:\/\/eventuale.com.br\/index.php\/wp-json\/wp\/v2\/types\/post"}],"author":[{"embeddable":true,"href":"https:\/\/eventuale.com.br\/index.php\/wp-json\/wp\/v2\/users\/1"}],"replies":[{"embeddable":true,"href":"https:\/\/eventuale.com.br\/index.php\/wp-json\/wp\/v2\/comments?post=896"}],"version-history":[{"count":0,"href":"https:\/\/eventuale.com.br\/index.php\/wp-json\/wp\/v2\/posts\/896\/revisions"}],"wp:featuredmedia":[{"embeddable":true,"href":"https:\/\/eventuale.com.br\/index.php\/wp-json\/wp\/v2\/media\/897"}],"wp:attachment":[{"href":"https:\/\/eventuale.com.br\/index.php\/wp-json\/wp\/v2\/media?parent=896"}],"wp:term":[{"taxonomy":"category","embeddable":true,"href":"https:\/\/eventuale.com.br\/index.php\/wp-json\/wp\/v2\/categories?post=896"},{"taxonomy":"post_tag","embeddable":true,"href":"https:\/\/eventuale.com.br\/index.php\/wp-json\/wp\/v2\/tags?post=896"}],"curies":[{"name":"wp","href":"https:\/\/api.w.org\/{rel}","templated":true}]}}