{"id":886,"date":"2021-03-09T22:29:04","date_gmt":"2021-03-10T01:29:04","guid":{"rendered":"http:\/\/eventuale.com.br\/index.php\/2021\/03\/09\/um-ano-com-a-empresa-fechada-inseguranca-adiamentos-depois-de-todo-este-tem\/"},"modified":"2021-03-09T22:29:04","modified_gmt":"2021-03-10T01:29:04","slug":"um-ano-com-a-empresa-fechada-inseguranca-adiamentos-depois-de-todo-este-tem","status":"publish","type":"post","link":"https:\/\/eventuale.com.br\/index.php\/2021\/03\/09\/um-ano-com-a-empresa-fechada-inseguranca-adiamentos-depois-de-todo-este-tem\/","title":{"rendered":"Um ano com a empresa fechada, inseguran\u00e7a, adiamentos&#8230; Depois de todo este tem&#8230;"},"content":{"rendered":"\n<a href=\"http:\/\/instagram.com\/p\/CMOESoMBDCQ\"><img decoding=\"async\" src=\"https:\/\/eventuale.com.br\/wp-content\/uploads\/2021\/06\/159485937_442893800377974_4718853984405422582_n.jpg\" \/><\/a><\/p>\n<p>Um ano com a empresa fechada, inseguran\u00e7a, adiamentos&#8230; Depois de todo este tempo, foi nesta semana que senti, de verdade, o peso da pandemia. Confesso que ontem, bateu um des\u00e2nimo&#8230; Masssss, mesmo triste, a gente tem que tocar o barco! \u00c9 na adversidade que a gente mostra nossa f\u00e9 e nossa for\u00e7a, n\u00e9? <\/p>\n<p>Sou jornalista e, em 2008, passei a trabalhar como \u201crepresentante\u201d de Santo Antonio! Brincadeiras \u00e0 parte, naquela \u00e9poca, eu jamais imaginaria que 10 anos depois, eu teria a minha empresa, no segmento que eu aprendi a amar! Foi gra\u00e7as ao meu parceiro de vida @valnerpimentel que a Eventuale nasceu. E veio para ficar! <\/p>\n<p>De uma conversa despretensiosa, surgiu a empresa que, em pouco tempo, se posicionou no mercado e virou objeto de desejo, principalmente das noivas! Tive altos e baixos, medos, cora\u00e7\u00e3o acelerado, aluguei muito os ouvidos de @luanatuboly @ricktuboly e @ramirobarcelo ,que s\u00e3o a minha base. Mas, a cada montagem, vinha a alegria e a certeza de que estava fazendo o melhor e no caminho certo!<\/p>\n<p>A pandemia me pegou com um ano de vida! Ensinou muito e me deixou mais forte. Acho que as festas ter\u00e3o outro gostinho depois da pandemia! Ser\u00e3o infinitamente mais valorizadas e sonhadas. A vida passa r\u00e1pido demais&#8230; Eu j\u00e1 tenho uma listinha de comemora\u00e7\u00f5es atrasadas. E, voc\u00ea? Qual vai ser sua primeira celebra\u00e7\u00e3o quando tudo isso acabar?<\/p>\n<p>\u2764\ufe0f<\/p>\n<p>#onovopoder @paulocuenca<\/p>\n\n<br \/><a href=\"http:\/\/instagram.com\/p\/CMOESoMBDCQ\">Source<\/a><\/p>\n","protected":false},"excerpt":{"rendered":"<p>Um ano com a empresa fechada, inseguran\u00e7a, adiamentos&#8230; Depois de todo este tempo, foi nesta semana que senti, de verdade, o peso da pandemia. Confesso que ontem, bateu um des\u00e2nimo&#8230; Masssss, mesmo triste, a gente tem que tocar o barco! \u00c9 na adversidade que a gente mostra nossa f\u00e9 e nossa for\u00e7a, n\u00e9? Sou jornalista [&hellip;]<\/p>\n","protected":false},"author":1,"featured_media":887,"comment_status":"open","ping_status":"open","sticky":false,"template":"","format":"standard","meta":{"_mbp_gutenberg_autopost":false,"fifu_image_url":"","fifu_image_alt":"","footnotes":""},"categories":[1],"tags":[107],"class_list":{"0":"post-886","1":"post","2":"type-post","3":"status-publish","4":"format-standard","5":"has-post-thumbnail","7":"category-sem-categoria","8":"tag-onovopoder","9":"czr-hentry"},"_links":{"self":[{"href":"https:\/\/eventuale.com.br\/index.php\/wp-json\/wp\/v2\/posts\/886","targetHints":{"allow":["GET"]}}],"collection":[{"href":"https:\/\/eventuale.com.br\/index.php\/wp-json\/wp\/v2\/posts"}],"about":[{"href":"https:\/\/eventuale.com.br\/index.php\/wp-json\/wp\/v2\/types\/post"}],"author":[{"embeddable":true,"href":"https:\/\/eventuale.com.br\/index.php\/wp-json\/wp\/v2\/users\/1"}],"replies":[{"embeddable":true,"href":"https:\/\/eventuale.com.br\/index.php\/wp-json\/wp\/v2\/comments?post=886"}],"version-history":[{"count":0,"href":"https:\/\/eventuale.com.br\/index.php\/wp-json\/wp\/v2\/posts\/886\/revisions"}],"wp:featuredmedia":[{"embeddable":true,"href":"https:\/\/eventuale.com.br\/index.php\/wp-json\/wp\/v2\/media\/887"}],"wp:attachment":[{"href":"https:\/\/eventuale.com.br\/index.php\/wp-json\/wp\/v2\/media?parent=886"}],"wp:term":[{"taxonomy":"category","embeddable":true,"href":"https:\/\/eventuale.com.br\/index.php\/wp-json\/wp\/v2\/categories?post=886"},{"taxonomy":"post_tag","embeddable":true,"href":"https:\/\/eventuale.com.br\/index.php\/wp-json\/wp\/v2\/tags?post=886"}],"curies":[{"name":"wp","href":"https:\/\/api.w.org\/{rel}","templated":true}]}}