{"id":858,"date":"2021-04-13T07:49:26","date_gmt":"2021-04-13T10:49:26","guid":{"rendered":"http:\/\/eventuale.com.br\/index.php\/2021\/04\/13\/as-mesas-das-familias-tem-que-ser-juntas-ou-separadasessa-e-uma-duvida-comum\/"},"modified":"2021-04-13T07:49:26","modified_gmt":"2021-04-13T10:49:26","slug":"as-mesas-das-familias-tem-que-ser-juntas-ou-separadasessa-e-uma-duvida-comum","status":"publish","type":"post","link":"https:\/\/eventuale.com.br\/index.php\/2021\/04\/13\/as-mesas-das-familias-tem-que-ser-juntas-ou-separadasessa-e-uma-duvida-comum\/","title":{"rendered":"As mesas das fam\u00edlias t\u00eam que ser juntas ou separadas?\n\nEssa \u00e9 uma d\u00favida comum,&#8230;"},"content":{"rendered":"\n<a href=\"http:\/\/instagram.com\/p\/CNmncsJhkYH\"><img decoding=\"async\" src=\"https:\/\/eventuale.com.br\/wp-content\/uploads\/2021\/06\/172695127_285590856443183_4559280882723137404_n.jpg\" \/><\/a><\/p>\n<p>As mesas das fam\u00edlias t\u00eam que ser juntas ou separadas?<\/p>\n<p>Essa \u00e9 uma d\u00favida comum, quando o assunto \u00e9 casamento. Sabe qual \u00e9 a resposta? Do jeito que voc\u00ea quiser!<\/p>\n<p>Sim, voc\u00ea pode mont\u00e1-las como for melhor para a sua fam\u00edlia e para a do seu noivo! Pa\u00eds separados, que n\u00e3o se falam? Bora colocar duas! Familiares que est\u00e3o sempre juntos? Joga um mes\u00e3o!!! A quantidade e o formato, voc\u00ea escolhe! <\/p>\n<p>J\u00e1 tive noivas que nem montaram a tradicional mesa de fam\u00edlia! Preferiram a mesa dos melhores amigos! E sentou quem quis&#8230; E foi lindo do mesmo jeito&#8230; <\/p>\n<p>O fato \u00e9 que voc\u00ea n\u00e3o precisa perder noites de sono por causa disso! Sem d\u00favida, a mesa de fam\u00edlia \u00e9 um dos destaques da decora\u00e7\u00e3o e um ponto bastante fotografado. Se puder, coloque uma s\u00f3 para compor! O pessoal se ajeita e, no fim, da tudo certo!!! <\/p>\n<p>Projeto lindo: @espacodelacruz<br \/>\nIlumina\u00e7\u00e3o: @zero21eventos<\/p>\n\n<br \/><a href=\"http:\/\/instagram.com\/p\/CNmncsJhkYH\">Source<\/a><\/p>\n","protected":false},"excerpt":{"rendered":"<p>As mesas das fam\u00edlias t\u00eam que ser juntas ou separadas? Essa \u00e9 uma d\u00favida comum, quando o assunto \u00e9 casamento. Sabe qual \u00e9 a resposta? Do jeito que voc\u00ea quiser! Sim, voc\u00ea pode mont\u00e1-las como for melhor para a sua fam\u00edlia e para a do seu noivo! Pa\u00eds separados, que n\u00e3o se falam? Bora colocar [&hellip;]<\/p>\n","protected":false},"author":1,"featured_media":859,"comment_status":"open","ping_status":"open","sticky":false,"template":"","format":"standard","meta":{"_mbp_gutenberg_autopost":false,"fifu_image_url":"","fifu_image_alt":"","footnotes":""},"categories":[1],"tags":[],"class_list":{"0":"post-858","1":"post","2":"type-post","3":"status-publish","4":"format-standard","5":"has-post-thumbnail","7":"category-sem-categoria","8":"czr-hentry"},"_links":{"self":[{"href":"https:\/\/eventuale.com.br\/index.php\/wp-json\/wp\/v2\/posts\/858","targetHints":{"allow":["GET"]}}],"collection":[{"href":"https:\/\/eventuale.com.br\/index.php\/wp-json\/wp\/v2\/posts"}],"about":[{"href":"https:\/\/eventuale.com.br\/index.php\/wp-json\/wp\/v2\/types\/post"}],"author":[{"embeddable":true,"href":"https:\/\/eventuale.com.br\/index.php\/wp-json\/wp\/v2\/users\/1"}],"replies":[{"embeddable":true,"href":"https:\/\/eventuale.com.br\/index.php\/wp-json\/wp\/v2\/comments?post=858"}],"version-history":[{"count":0,"href":"https:\/\/eventuale.com.br\/index.php\/wp-json\/wp\/v2\/posts\/858\/revisions"}],"wp:featuredmedia":[{"embeddable":true,"href":"https:\/\/eventuale.com.br\/index.php\/wp-json\/wp\/v2\/media\/859"}],"wp:attachment":[{"href":"https:\/\/eventuale.com.br\/index.php\/wp-json\/wp\/v2\/media?parent=858"}],"wp:term":[{"taxonomy":"category","embeddable":true,"href":"https:\/\/eventuale.com.br\/index.php\/wp-json\/wp\/v2\/categories?post=858"},{"taxonomy":"post_tag","embeddable":true,"href":"https:\/\/eventuale.com.br\/index.php\/wp-json\/wp\/v2\/tags?post=858"}],"curies":[{"name":"wp","href":"https:\/\/api.w.org\/{rel}","templated":true}]}}