{"id":759,"date":"2021-05-08T09:00:32","date_gmt":"2021-05-08T12:00:32","guid":{"rendered":"http:\/\/eventuale.com.br\/index.php\/2021\/05\/08\/voce-que-ama-uma-mesa-posta-usa-essa-inspiracao-para-seu-almoco-do-dia-das-maes\/"},"modified":"2021-05-08T09:00:32","modified_gmt":"2021-05-08T12:00:32","slug":"voce-que-ama-uma-mesa-posta-usa-essa-inspiracao-para-seu-almoco-do-dia-das-maes","status":"publish","type":"post","link":"https:\/\/eventuale.com.br\/index.php\/2021\/05\/08\/voce-que-ama-uma-mesa-posta-usa-essa-inspiracao-para-seu-almoco-do-dia-das-maes\/","title":{"rendered":"Voc\u00ea que ama uma mesa posta, usa essa inspira\u00e7\u00e3o para seu almo\u00e7o do dia das m\u00e3es&#8230;"},"content":{"rendered":"\n<a href=\"http:\/\/instagram.com\/p\/COnHdT7o6B2\"><img decoding=\"async\" src=\"https:\/\/eventuale.com.br\/wp-content\/uploads\/2021\/06\/183864774_557460618992468_4295583213296498489_n.jpg\" \/><\/a><\/p>\n<p>Voc\u00ea que ama uma mesa posta, usa essa inspira\u00e7\u00e3o para seu almo\u00e7o do dia das m\u00e3es!!!<\/p>\n<p>\ud83c\udf42 Receber com carinho faz toda diferen\u00e7a, faz com que os seus se sintam queridos.<\/p>\n<p>\ud83c\udf42 Aproveite essa paleta de cores que est\u00e1 super em alta com tons e flores secas trazendo charme e sofistica\u00e7\u00e3o  pra sua mesa!!! <\/p>\n<p>\ud83c\udf42 Reparem uma coisa usamos essa mesa em um ch\u00e1 de revela\u00e7\u00e3o, por\u00e9m voc\u00ea poderia usar em um casamento, festa de 15 anos e a minha sugest\u00e3o da semana em um almo\u00e7o ou jantar super especial como o dia das m\u00e3es <\/p>\n<p>Aproveite e corre na bio pra saber um pouco mais do meu trabalho e saber como posso te ajudar .. <\/p>\n<p>#mesaposta #diadasm\u00e3es #decora\u00e7\u00e3odefesta #casamento #jf # cerimonial #festa15anos <\/p>\n<p>#Repost @danibarbosafestas<\/p>\n\n<br \/><a href=\"http:\/\/instagram.com\/p\/COnHdT7o6B2\">Source<\/a><\/p>\n","protected":false},"excerpt":{"rendered":"<p>Voc\u00ea que ama uma mesa posta, usa essa inspira\u00e7\u00e3o para seu almo\u00e7o do dia das m\u00e3es!!! \ud83c\udf42 Receber com carinho faz toda diferen\u00e7a, faz com que os seus se sintam queridos. \ud83c\udf42 Aproveite essa paleta de cores que est\u00e1 super em alta com tons e flores secas trazendo charme e sofistica\u00e7\u00e3o pra sua mesa!!! \ud83c\udf42 [&hellip;]<\/p>\n","protected":false},"author":1,"featured_media":760,"comment_status":"open","ping_status":"open","sticky":false,"template":"","format":"standard","meta":{"_mbp_gutenberg_autopost":false,"fifu_image_url":"","fifu_image_alt":"","footnotes":""},"categories":[1],"tags":[14,76,75,78,77,74,79],"class_list":{"0":"post-759","1":"post","2":"type-post","3":"status-publish","4":"format-standard","5":"has-post-thumbnail","7":"category-sem-categoria","8":"tag-casamento","9":"tag-decoracaodefesta","10":"tag-diadasmaes","11":"tag-festa15anos","12":"tag-jf","13":"tag-mesaposta","14":"tag-repost","15":"czr-hentry"},"_links":{"self":[{"href":"https:\/\/eventuale.com.br\/index.php\/wp-json\/wp\/v2\/posts\/759","targetHints":{"allow":["GET"]}}],"collection":[{"href":"https:\/\/eventuale.com.br\/index.php\/wp-json\/wp\/v2\/posts"}],"about":[{"href":"https:\/\/eventuale.com.br\/index.php\/wp-json\/wp\/v2\/types\/post"}],"author":[{"embeddable":true,"href":"https:\/\/eventuale.com.br\/index.php\/wp-json\/wp\/v2\/users\/1"}],"replies":[{"embeddable":true,"href":"https:\/\/eventuale.com.br\/index.php\/wp-json\/wp\/v2\/comments?post=759"}],"version-history":[{"count":0,"href":"https:\/\/eventuale.com.br\/index.php\/wp-json\/wp\/v2\/posts\/759\/revisions"}],"wp:featuredmedia":[{"embeddable":true,"href":"https:\/\/eventuale.com.br\/index.php\/wp-json\/wp\/v2\/media\/760"}],"wp:attachment":[{"href":"https:\/\/eventuale.com.br\/index.php\/wp-json\/wp\/v2\/media?parent=759"}],"wp:term":[{"taxonomy":"category","embeddable":true,"href":"https:\/\/eventuale.com.br\/index.php\/wp-json\/wp\/v2\/categories?post=759"},{"taxonomy":"post_tag","embeddable":true,"href":"https:\/\/eventuale.com.br\/index.php\/wp-json\/wp\/v2\/tags?post=759"}],"curies":[{"name":"wp","href":"https:\/\/api.w.org\/{rel}","templated":true}]}}