{"id":4342,"date":"2025-01-21T12:45:02","date_gmt":"2025-01-21T15:45:02","guid":{"rendered":"https:\/\/eventuale.com.br\/index.php\/2025\/01\/21\/aquele-movel-que-todo-mundo-amou-e-a-eventuale-com-br-vai-levar-decorativo-e-cheio-de-estilo-perfeito-para\/"},"modified":"2025-01-21T12:45:02","modified_gmt":"2025-01-21T15:45:02","slug":"aquele-movel-que-todo-mundo-amou-e-a-eventuale-com-br-vai-levar-decorativo-e-cheio-de-estilo-perfeito-para","status":"publish","type":"post","link":"https:\/\/eventuale.com.br\/index.php\/2025\/01\/21\/aquele-movel-que-todo-mundo-amou-e-a-eventuale-com-br-vai-levar-decorativo-e-cheio-de-estilo-perfeito-para\/","title":{"rendered":"Aquele m\u00f3vel que todo mundo amou! E a @eventuale.com.br vai levar! Decorativo e cheio de estilo, perfeito para&#8230;"},"content":{"rendered":"<p><a href=\"http:\/\/instagram.com\/p\/DFF9Vs3O2QT\"><img decoding=\"async\" style=\"display:none\"  src=\"https:\/\/eventuale.com.br\/wp-content\/uploads\/2025\/02\/474104198_17957008745879564_6286473925310956689_n.jpg\" \/><\/a><\/p>\n<blockquote class=\"instagram-media\"  data-instgrm-permalink=\"https:\/\/www.instagram.com\/reel\/DFF9Vs3O2QT\/\" data-instgrm-version=\"14\" style=\" background:#FFF; border:0; border-radius:3px; box-shadow:0 0 1px 0 rgba(0,0,0,0.5),0 1px 10px 0 rgba(0,0,0,0.15); margin: 1px; max-width:540px; min-width:326px; padding:0; width:99.375%; width:-webkit-calc(100% - 2px); width:calc(100% - 2px);\"><p>&nbsp;<\/p><\/blockquote>\n<p> <script async src=\"\/\/www.instagram.com\/embed.js\"><\/script>Aquele m\u00f3vel que todo mundo amou! E a @eventuale.com.br vai levar! Decorativo e cheio de estilo, perfeito para compor qualquer ambiente.<\/p>\n<p>#cole\u00e7\u00e3ovillage #charmeitaliano #designexclusivo #m\u00f3veisr\u00fasticos #texturas\u00fanicas #madeiraeestilo #ferroedecora\u00e7\u00e3o #decora\u00e7\u00e3odecampo #estiloitaliano #m\u00f3veisfuncionais #detalhesqueencantam<br \/>\n#decora\u00e7\u00e3odeeventos #m\u00f3veisparaeventos #eventosdeluxo #designparafestas #mobili\u00e1rioexclusivo #estiloparaeventos #decora\u00e7\u00e3ocomcharme #m\u00f3veispersonalizados #detalhesqueencantam #eleg\u00eancianoseventos #eventosinesquec\u00edveis<\/p>\n","protected":false},"excerpt":{"rendered":"<p>&nbsp; Aquele m\u00f3vel que todo mundo amou! E a @eventuale.com.br vai levar! Decorativo e cheio de estilo, perfeito para compor qualquer ambiente. #cole\u00e7\u00e3ovillage #charmeitaliano #designexclusivo #m\u00f3veisr\u00fasticos #texturas\u00fanicas #madeiraeestilo #ferroedecora\u00e7\u00e3o #decora\u00e7\u00e3odecampo #estiloitaliano #m\u00f3veisfuncionais #detalhesqueencantam #decora\u00e7\u00e3odeeventos #m\u00f3veisparaeventos #eventosdeluxo #designparafestas #mobili\u00e1rioexclusivo #estiloparaeventos #decora\u00e7\u00e3ocomcharme #m\u00f3veispersonalizados #detalhesqueencantam #eleg\u00eancianoseventos #eventosinesquec\u00edveis<\/p>\n","protected":false},"author":1,"featured_media":4343,"comment_status":"open","ping_status":"open","sticky":false,"template":"","format":"standard","meta":{"_mbp_gutenberg_autopost":false,"fifu_image_url":"","fifu_image_alt":"","footnotes":""},"categories":[1],"tags":[589,587,604,595,599,590,601,598,606,596,603,600,607,594,593,602,597,101,605,591,592],"class_list":{"0":"post-4342","1":"post","2":"type-post","3":"status-publish","4":"format-standard","5":"has-post-thumbnail","7":"category-sem-categoria","8":"tag-charmeitaliano","9":"tag-colecaovillage","10":"tag-decoracaocomcharme","11":"tag-decoracaodecampo","12":"tag-decoracaodeeventos","13":"tag-designexclusivo","14":"tag-designparafestas","15":"tag-detalhesqueencantam","16":"tag-elegencianoseventos","17":"tag-estiloitaliano","18":"tag-estiloparaeventos","19":"tag-eventosdeluxo","20":"tag-eventosinesqueciveis","21":"tag-ferroedecoracao","22":"tag-madeiraeestilo","23":"tag-mobiliarioexclusivo","24":"tag-moveisfuncionais","25":"tag-moveisparaeventos","26":"tag-moveispersonalizados","27":"tag-moveisrusticos","28":"tag-texturasunicas","29":"czr-hentry"},"_links":{"self":[{"href":"https:\/\/eventuale.com.br\/index.php\/wp-json\/wp\/v2\/posts\/4342","targetHints":{"allow":["GET"]}}],"collection":[{"href":"https:\/\/eventuale.com.br\/index.php\/wp-json\/wp\/v2\/posts"}],"about":[{"href":"https:\/\/eventuale.com.br\/index.php\/wp-json\/wp\/v2\/types\/post"}],"author":[{"embeddable":true,"href":"https:\/\/eventuale.com.br\/index.php\/wp-json\/wp\/v2\/users\/1"}],"replies":[{"embeddable":true,"href":"https:\/\/eventuale.com.br\/index.php\/wp-json\/wp\/v2\/comments?post=4342"}],"version-history":[{"count":0,"href":"https:\/\/eventuale.com.br\/index.php\/wp-json\/wp\/v2\/posts\/4342\/revisions"}],"wp:featuredmedia":[{"embeddable":true,"href":"https:\/\/eventuale.com.br\/index.php\/wp-json\/wp\/v2\/media\/4343"}],"wp:attachment":[{"href":"https:\/\/eventuale.com.br\/index.php\/wp-json\/wp\/v2\/media?parent=4342"}],"wp:term":[{"taxonomy":"category","embeddable":true,"href":"https:\/\/eventuale.com.br\/index.php\/wp-json\/wp\/v2\/categories?post=4342"},{"taxonomy":"post_tag","embeddable":true,"href":"https:\/\/eventuale.com.br\/index.php\/wp-json\/wp\/v2\/tags?post=4342"}],"curies":[{"name":"wp","href":"https:\/\/api.w.org\/{rel}","templated":true}]}}