{"id":2799,"date":"2022-10-01T09:12:01","date_gmt":"2022-10-01T12:12:01","guid":{"rendered":"https:\/\/eventuale.com.br\/index.php\/2022\/10\/01\/cris-tenho-que-colocar-cadeiras-para-todos-os-convidados-essa-e-a-pergunta-que-mais-recebo-no-dia-a-dia-e\/"},"modified":"2022-10-01T09:12:01","modified_gmt":"2022-10-01T12:12:01","slug":"cris-tenho-que-colocar-cadeiras-para-todos-os-convidados-essa-e-a-pergunta-que-mais-recebo-no-dia-a-dia-e","status":"publish","type":"post","link":"https:\/\/eventuale.com.br\/index.php\/2022\/10\/01\/cris-tenho-que-colocar-cadeiras-para-todos-os-convidados-essa-e-a-pergunta-que-mais-recebo-no-dia-a-dia-e\/","title":{"rendered":"Cris, tenho que colocar cadeiras para todos os convidados? \n\nEssa \u00e9 a pergunta que mais recebo no dia a dia! E&#8230;"},"content":{"rendered":"<p><a href=\"http:\/\/instagram.com\/p\/CjK6-dHOy9Z\"><img decoding=\"async\" src=\"https:\/\/eventuale.com.br\/wp-content\/uploads\/2022\/10\/310184361_483938626986545_976961202331302878_n.jpg\" \/><\/a><\/p>\n<p>Cris, tenho que colocar cadeiras para todos os convidados? <\/p>\n<p>Essa \u00e9 a pergunta que mais recebo no dia a dia! E a resposta \u00e9 n\u00e3o! \ud83d\ude0e<br \/>\nVoc\u00ea precisa ter acomoda\u00e7\u00e3o para todos que estar\u00e3o na festa! A\u00ed entram lounges, bistr\u00f4s, fam\u00edlia\u2026 Tudo isso conta como assento! E seu evento fica lindo, com um layout din\u00e2mico e funcional!<br \/>\nAinda falando sobre cadeiras, aproveite para ousar, escolha modelos diferentes, formatos de mesas variados. Te garanto que vai ficar lindo!!! \ud83d\ude0d<\/p>\n<p>#casamento #decoracao #noivas #noivos<\/p>\n","protected":false},"excerpt":{"rendered":"<p>Cris, tenho que colocar cadeiras para todos os convidados? Essa \u00e9 a pergunta que mais recebo no dia a dia! E a resposta \u00e9 n\u00e3o! \ud83d\ude0e Voc\u00ea precisa ter acomoda\u00e7\u00e3o para todos que estar\u00e3o na festa! A\u00ed entram lounges, bistr\u00f4s, fam\u00edlia\u2026 Tudo isso conta como assento! E seu evento fica lindo, com um layout din\u00e2mico [&hellip;]<\/p>\n","protected":false},"author":1,"featured_media":2800,"comment_status":"open","ping_status":"open","sticky":false,"template":"","format":"standard","meta":{"_mbp_gutenberg_autopost":false,"fifu_image_url":"","fifu_image_alt":"","footnotes":""},"categories":[1],"tags":[14,17,63,129],"class_list":{"0":"post-2799","1":"post","2":"type-post","3":"status-publish","4":"format-standard","5":"has-post-thumbnail","7":"category-sem-categoria","8":"tag-casamento","9":"tag-decoracao","10":"tag-noivas","11":"tag-noivos","12":"czr-hentry"},"_links":{"self":[{"href":"https:\/\/eventuale.com.br\/index.php\/wp-json\/wp\/v2\/posts\/2799","targetHints":{"allow":["GET"]}}],"collection":[{"href":"https:\/\/eventuale.com.br\/index.php\/wp-json\/wp\/v2\/posts"}],"about":[{"href":"https:\/\/eventuale.com.br\/index.php\/wp-json\/wp\/v2\/types\/post"}],"author":[{"embeddable":true,"href":"https:\/\/eventuale.com.br\/index.php\/wp-json\/wp\/v2\/users\/1"}],"replies":[{"embeddable":true,"href":"https:\/\/eventuale.com.br\/index.php\/wp-json\/wp\/v2\/comments?post=2799"}],"version-history":[{"count":0,"href":"https:\/\/eventuale.com.br\/index.php\/wp-json\/wp\/v2\/posts\/2799\/revisions"}],"wp:featuredmedia":[{"embeddable":true,"href":"https:\/\/eventuale.com.br\/index.php\/wp-json\/wp\/v2\/media\/2800"}],"wp:attachment":[{"href":"https:\/\/eventuale.com.br\/index.php\/wp-json\/wp\/v2\/media?parent=2799"}],"wp:term":[{"taxonomy":"category","embeddable":true,"href":"https:\/\/eventuale.com.br\/index.php\/wp-json\/wp\/v2\/categories?post=2799"},{"taxonomy":"post_tag","embeddable":true,"href":"https:\/\/eventuale.com.br\/index.php\/wp-json\/wp\/v2\/tags?post=2799"}],"curies":[{"name":"wp","href":"https:\/\/api.w.org\/{rel}","templated":true}]}}