{"id":1711,"date":"2021-09-11T10:50:06","date_gmt":"2021-09-11T13:50:06","guid":{"rendered":"https:\/\/eventuale.com.br\/index.php\/2021\/09\/11\/e-bora-mostrar-tudoooooo-desse-dia-que-foi-lindo-e-incrivel-e-sem-adiamento\/"},"modified":"2021-09-11T10:50:06","modified_gmt":"2021-09-11T13:50:06","slug":"e-bora-mostrar-tudoooooo-desse-dia-que-foi-lindo-e-incrivel-e-sem-adiamento","status":"publish","type":"post","link":"https:\/\/eventuale.com.br\/index.php\/2021\/09\/11\/e-bora-mostrar-tudoooooo-desse-dia-que-foi-lindo-e-incrivel-e-sem-adiamento\/","title":{"rendered":"E bora mostrar tudoooooo desse dia!!!! Que foi lindo e incr\u00edvel e sem adiamento &#8230;"},"content":{"rendered":"<p><a href=\"http:\/\/instagram.com\/p\/CTrwJ-2ro4F\"><img decoding=\"async\" src=\"https:\/\/eventuale.com.br\/wp-content\/uploads\/2021\/09\/241668257_1701639303374885_2416698184843741601_n.jpg\" \/><img decoding=\"async\" src=\"https:\/\/eventuale.com.br\/wp-content\/uploads\/2021\/09\/241669049_1038196120342188_5293051984523643924_n.jpg\" \/><img decoding=\"async\" src=\"https:\/\/eventuale.com.br\/wp-content\/uploads\/2021\/09\/241714767_1481405928880375_292758918606926929_n.jpg\" \/><\/a><\/p>\n<p>E bora mostrar tudoooooo desse dia!!!! Que foi lindo e incr\u00edvel e sem adiamento \ud83d\ude31<\/p>\n<p>Quem ai tem uma kombi de familia? Aqui n\u00f3s usamos na cerimonia como um backdrop na lateral e com chopp atr\u00e1s!<br \/>\nOs convidados chegavam no calor e j\u00e1 podiam se refrescar com um chopp del\u00edcia!<br \/>\nE ap\u00f3s a cerimonia usamos e abusamos para as fotos!<\/p>\n<p>Quem ai tem um carro especial pra fazer assim tamb\u00e9m?! \ud83d\ude99<\/p>\n<p>Repost @peplumcerimonial<br \/>\n\ud83d\udcf8 @isik_fotografia <\/p>\n<p>#eventuale #cerimonia #casamento #kombi #familia #noivasjf #noivosjf<\/p>\n","protected":false},"excerpt":{"rendered":"<p>E bora mostrar tudoooooo desse dia!!!! Que foi lindo e incr\u00edvel e sem adiamento \ud83d\ude31 Quem ai tem uma kombi de familia? Aqui n\u00f3s usamos na cerimonia como um backdrop na lateral e com chopp atr\u00e1s! Os convidados chegavam no calor e j\u00e1 podiam se refrescar com um chopp del\u00edcia! E ap\u00f3s a cerimonia usamos [&hellip;]<\/p>\n","protected":false},"author":1,"featured_media":1713,"comment_status":"open","ping_status":"open","sticky":false,"template":"","format":"standard","meta":{"_mbp_gutenberg_autopost":false,"fifu_image_url":"","fifu_image_alt":"","footnotes":""},"categories":[1],"tags":[14,202,13,146,472,205,463],"class_list":{"0":"post-1711","1":"post","2":"type-post","3":"status-publish","4":"format-standard","5":"has-post-thumbnail","7":"category-sem-categoria","8":"tag-casamento","9":"tag-cerimonia","10":"tag-eventuale","11":"tag-familia","12":"tag-kombi","13":"tag-noivasjf","14":"tag-noivosjf","15":"czr-hentry"},"_links":{"self":[{"href":"https:\/\/eventuale.com.br\/index.php\/wp-json\/wp\/v2\/posts\/1711","targetHints":{"allow":["GET"]}}],"collection":[{"href":"https:\/\/eventuale.com.br\/index.php\/wp-json\/wp\/v2\/posts"}],"about":[{"href":"https:\/\/eventuale.com.br\/index.php\/wp-json\/wp\/v2\/types\/post"}],"author":[{"embeddable":true,"href":"https:\/\/eventuale.com.br\/index.php\/wp-json\/wp\/v2\/users\/1"}],"replies":[{"embeddable":true,"href":"https:\/\/eventuale.com.br\/index.php\/wp-json\/wp\/v2\/comments?post=1711"}],"version-history":[{"count":0,"href":"https:\/\/eventuale.com.br\/index.php\/wp-json\/wp\/v2\/posts\/1711\/revisions"}],"wp:featuredmedia":[{"embeddable":true,"href":"https:\/\/eventuale.com.br\/index.php\/wp-json\/wp\/v2\/media\/1713"}],"wp:attachment":[{"href":"https:\/\/eventuale.com.br\/index.php\/wp-json\/wp\/v2\/media?parent=1711"}],"wp:term":[{"taxonomy":"category","embeddable":true,"href":"https:\/\/eventuale.com.br\/index.php\/wp-json\/wp\/v2\/categories?post=1711"},{"taxonomy":"post_tag","embeddable":true,"href":"https:\/\/eventuale.com.br\/index.php\/wp-json\/wp\/v2\/tags?post=1711"}],"curies":[{"name":"wp","href":"https:\/\/api.w.org\/{rel}","templated":true}]}}