{"id":1610,"date":"2021-08-12T15:38:14","date_gmt":"2021-08-12T18:38:14","guid":{"rendered":"https:\/\/eventuale.com.br\/index.php\/2021\/08\/12\/quando-o-ceu-da-uma-forcinha-para-a-cerimonia-ficar-ainda-mais-linda-cerimoni\/"},"modified":"2021-08-12T15:38:14","modified_gmt":"2021-08-12T18:38:14","slug":"quando-o-ceu-da-uma-forcinha-para-a-cerimonia-ficar-ainda-mais-linda-cerimoni","status":"publish","type":"post","link":"https:\/\/eventuale.com.br\/index.php\/2021\/08\/12\/quando-o-ceu-da-uma-forcinha-para-a-cerimonia-ficar-ainda-mais-linda-cerimoni\/","title":{"rendered":"Quando o c\u00e9u da uma forcinha para a cerim\u00f4nia ficar ainda mais linda\u2026 \n\nCerimoni&#8230;"},"content":{"rendered":"<p><a href=\"http:\/\/instagram.com\/p\/CSfBSKZLJ57\"><img decoding=\"async\" src=\"https:\/\/eventuale.com.br\/wp-content\/uploads\/2021\/08\/236473623_356872959323808_1864253732082772655_n.jpg\" \/><\/a><\/p>\n<p>Quando o c\u00e9u da uma forcinha para a cerim\u00f4nia ficar ainda mais linda\u2026 \ud83d\ude0d\ud83e\udd70<\/p>\n<p>Cerimonial: @eleganzacerimonial<br \/>\nEspa\u00e7o: @patiomirador<br \/>\nDecorador: @toninhoaleixodecorador<br \/>\nMobili\u00e1rio: @eventuale.com.br<br \/>\nTablado: @antoniogalvao_eventos<br \/>\nFotografia: @isik_fotografia<br \/>\nFilmagem: @sala2filmes<br \/>\nBanda da Cerim\u00f4nia: @palavratocada<br \/>\nTransmiss\u00e3o: @rbaudio_jf<br \/>\nVestido de noiva: @atelierbemcasada<br \/>\nProdu\u00e7\u00e3o da noiva: @victorfish<br \/>\nTerno do noivo: @imperioblacktienoivas<\/p>\n<p>#eventuale #cerimonia #casamento #makeupjf #maquiagemjf #noivasjf #noivosjf<\/p>\n<p><a href=\"http:\/\/instagram.com\/p\/CSfBSKZLJ57\">Source<\/a><\/p>\n","protected":false},"excerpt":{"rendered":"<p>Quando o c\u00e9u da uma forcinha para a cerim\u00f4nia ficar ainda mais linda\u2026 \ud83d\ude0d\ud83e\udd70 Cerimonial: @eleganzacerimonial Espa\u00e7o: @patiomirador Decorador: @toninhoaleixodecorador Mobili\u00e1rio: @eventuale.com.br Tablado: @antoniogalvao_eventos Fotografia: @isik_fotografia Filmagem: @sala2filmes Banda da Cerim\u00f4nia: @palavratocada Transmiss\u00e3o: @rbaudio_jf Vestido de noiva: @atelierbemcasada Produ\u00e7\u00e3o da noiva: @victorfish Terno do noivo: @imperioblacktienoivas #eventuale #cerimonia #casamento #makeupjf #maquiagemjf #noivasjf #noivosjf Source<\/p>\n","protected":false},"author":1,"featured_media":1611,"comment_status":"open","ping_status":"open","sticky":false,"template":"","format":"standard","meta":{"_mbp_gutenberg_autopost":false,"fifu_image_url":"","fifu_image_alt":"","footnotes":""},"categories":[1],"tags":[14,202,13,461,462,205,463],"class_list":{"0":"post-1610","1":"post","2":"type-post","3":"status-publish","4":"format-standard","5":"has-post-thumbnail","7":"category-sem-categoria","8":"tag-casamento","9":"tag-cerimonia","10":"tag-eventuale","11":"tag-makeupjf","12":"tag-maquiagemjf","13":"tag-noivasjf","14":"tag-noivosjf","15":"czr-hentry"},"_links":{"self":[{"href":"https:\/\/eventuale.com.br\/index.php\/wp-json\/wp\/v2\/posts\/1610","targetHints":{"allow":["GET"]}}],"collection":[{"href":"https:\/\/eventuale.com.br\/index.php\/wp-json\/wp\/v2\/posts"}],"about":[{"href":"https:\/\/eventuale.com.br\/index.php\/wp-json\/wp\/v2\/types\/post"}],"author":[{"embeddable":true,"href":"https:\/\/eventuale.com.br\/index.php\/wp-json\/wp\/v2\/users\/1"}],"replies":[{"embeddable":true,"href":"https:\/\/eventuale.com.br\/index.php\/wp-json\/wp\/v2\/comments?post=1610"}],"version-history":[{"count":0,"href":"https:\/\/eventuale.com.br\/index.php\/wp-json\/wp\/v2\/posts\/1610\/revisions"}],"wp:featuredmedia":[{"embeddable":true,"href":"https:\/\/eventuale.com.br\/index.php\/wp-json\/wp\/v2\/media\/1611"}],"wp:attachment":[{"href":"https:\/\/eventuale.com.br\/index.php\/wp-json\/wp\/v2\/media?parent=1610"}],"wp:term":[{"taxonomy":"category","embeddable":true,"href":"https:\/\/eventuale.com.br\/index.php\/wp-json\/wp\/v2\/categories?post=1610"},{"taxonomy":"post_tag","embeddable":true,"href":"https:\/\/eventuale.com.br\/index.php\/wp-json\/wp\/v2\/tags?post=1610"}],"curies":[{"name":"wp","href":"https:\/\/api.w.org\/{rel}","templated":true}]}}