{"id":1214,"date":"2019-04-17T10:25:24","date_gmt":"2019-04-17T13:25:24","guid":{"rendered":"http:\/\/eventuale.com.br\/index.php\/2019\/04\/17\/festa-infantil-aqui-tem-tambem-com-tudo-para-deixar-seu-salao-encantador-esse\/"},"modified":"2019-04-17T10:25:24","modified_gmt":"2019-04-17T13:25:24","slug":"festa-infantil-aqui-tem-tambem-com-tudo-para-deixar-seu-salao-encantador-esse","status":"publish","type":"post","link":"https:\/\/eventuale.com.br\/index.php\/2019\/04\/17\/festa-infantil-aqui-tem-tambem-com-tudo-para-deixar-seu-salao-encantador-esse\/","title":{"rendered":"Festa infantil? Aqui tem tamb\u00e9m, com tudo para deixar seu sal\u00e3o encantador! Esse&#8230;"},"content":{"rendered":"\n<a href=\"http:\/\/instagram.com\/p\/BwW7YzthdSa\"><img decoding=\"async\" src=\"https:\/\/eventuale.com.br\/wp-content\/uploads\/2021\/06\/55903523_638860739885725_2295777603596010401_n.jpg\" \/><\/a><\/p>\n<p>Festa infantil? Aqui tem tamb\u00e9m, com tudo para deixar seu sal\u00e3o encantador! Esse projeto lindo foi de @veronicasallesjf e ficou uma fofura! \ud83d\ude0d\ud83d\ude0d\ud83d\ude0d #parcerias #tendencia #inspira\u00e7\u00e3o #niver #eventos #festainfantil #love #1aninho #decora\u00e7\u00e3o #eventuale<\/p>\n\n<br \/><a href=\"http:\/\/instagram.com\/p\/BwW7YzthdSa\">Source<\/a><\/p>\n","protected":false},"excerpt":{"rendered":"<p>Festa infantil? Aqui tem tamb\u00e9m, com tudo para deixar seu sal\u00e3o encantador! Esse projeto lindo foi de @veronicasallesjf e ficou uma fofura! \ud83d\ude0d\ud83d\ude0d\ud83d\ude0d #parcerias #tendencia #inspira\u00e7\u00e3o #niver #eventos #festainfantil #love #1aninho #decora\u00e7\u00e3o #eventuale Source<\/p>\n","protected":false},"author":1,"featured_media":1215,"comment_status":"open","ping_status":"open","sticky":false,"template":"","format":"standard","meta":{"_mbp_gutenberg_autopost":false,"fifu_image_url":"","fifu_image_alt":"","footnotes":""},"categories":[1],"tags":[252,17,15,13,144,99,66,120,197,68],"class_list":{"0":"post-1214","1":"post","2":"type-post","3":"status-publish","4":"format-standard","5":"has-post-thumbnail","7":"category-sem-categoria","8":"tag-1aninho","9":"tag-decoracao","10":"tag-eventos","11":"tag-eventuale","12":"tag-festainfantil","13":"tag-inspiracao","14":"tag-love","15":"tag-niver","16":"tag-parcerias","17":"tag-tendencia","18":"czr-hentry"},"_links":{"self":[{"href":"https:\/\/eventuale.com.br\/index.php\/wp-json\/wp\/v2\/posts\/1214","targetHints":{"allow":["GET"]}}],"collection":[{"href":"https:\/\/eventuale.com.br\/index.php\/wp-json\/wp\/v2\/posts"}],"about":[{"href":"https:\/\/eventuale.com.br\/index.php\/wp-json\/wp\/v2\/types\/post"}],"author":[{"embeddable":true,"href":"https:\/\/eventuale.com.br\/index.php\/wp-json\/wp\/v2\/users\/1"}],"replies":[{"embeddable":true,"href":"https:\/\/eventuale.com.br\/index.php\/wp-json\/wp\/v2\/comments?post=1214"}],"version-history":[{"count":0,"href":"https:\/\/eventuale.com.br\/index.php\/wp-json\/wp\/v2\/posts\/1214\/revisions"}],"wp:featuredmedia":[{"embeddable":true,"href":"https:\/\/eventuale.com.br\/index.php\/wp-json\/wp\/v2\/media\/1215"}],"wp:attachment":[{"href":"https:\/\/eventuale.com.br\/index.php\/wp-json\/wp\/v2\/media?parent=1214"}],"wp:term":[{"taxonomy":"category","embeddable":true,"href":"https:\/\/eventuale.com.br\/index.php\/wp-json\/wp\/v2\/categories?post=1214"},{"taxonomy":"post_tag","embeddable":true,"href":"https:\/\/eventuale.com.br\/index.php\/wp-json\/wp\/v2\/tags?post=1214"}],"curies":[{"name":"wp","href":"https:\/\/api.w.org\/{rel}","templated":true}]}}