{"id":1134,"date":"2019-08-12T11:07:57","date_gmt":"2019-08-12T14:07:57","guid":{"rendered":"http:\/\/eventuale.com.br\/index.php\/2019\/08\/12\/a-noiva-queria-uma-decoracao-com-parreiras-de-uvas-para-homenagear-seu-avo-e\/"},"modified":"2019-08-12T11:07:57","modified_gmt":"2019-08-12T14:07:57","slug":"a-noiva-queria-uma-decoracao-com-parreiras-de-uvas-para-homenagear-seu-avo-e","status":"publish","type":"post","link":"https:\/\/eventuale.com.br\/index.php\/2019\/08\/12\/a-noiva-queria-uma-decoracao-com-parreiras-de-uvas-para-homenagear-seu-avo-e\/","title":{"rendered":"A noiva queria uma decora\u00e7\u00e3o com parreiras de uvas para homenagear seu av\u00f4&#8230; E &#8230;"},"content":{"rendered":"\n<a href=\"http:\/\/instagram.com\/p\/B1ERQ8bh7k6\"><img decoding=\"async\" src=\"https:\/\/eventuale.com.br\/wp-content\/uploads\/2021\/06\/66506274_397844194479492_7919671264019123628_n.jpg\" \/><\/a><\/p>\n<p>A noiva queria uma decora\u00e7\u00e3o com parreiras de uvas para homenagear seu av\u00f4&#8230; E o projeto de @carolecamilabraga transformou o sonho em realidade! Delicadeza, harmonia e beleza para uma festa IN &#8211; CRI &#8211; VEL!!! Parab\u00e9ns a todos os parceiros, muito bom trabalhar com voc\u00eas!!! \u2764\ufe0f @bosqueeventos @toninhoaleixodecorador @blessphotostudio @lulaegilwander @djfassheber  #casamento #casamentonocampo #decora\u00e7\u00e3o #decor #love #luxo #tendencia #inspiracao #noivas #noivas2020 #eventos #eventuale #bomgosto<\/p>\n\n<br \/><a href=\"http:\/\/instagram.com\/p\/B1ERQ8bh7k6\">Source<\/a><\/p>\n","protected":false},"excerpt":{"rendered":"<p>A noiva queria uma decora\u00e7\u00e3o com parreiras de uvas para homenagear seu av\u00f4&#8230; E o projeto de @carolecamilabraga transformou o sonho em realidade! Delicadeza, harmonia e beleza para uma festa IN &#8211; CRI &#8211; VEL!!! Parab\u00e9ns a todos os parceiros, muito bom trabalhar com voc\u00eas!!! \u2764\ufe0f @bosqueeventos @toninhoaleixodecorador @blessphotostudio @lulaegilwander @djfassheber #casamento #casamentonocampo #decora\u00e7\u00e3o #decor [&hellip;]<\/p>\n","protected":false},"author":1,"featured_media":1135,"comment_status":"open","ping_status":"open","sticky":false,"template":"","format":"standard","meta":{"_mbp_gutenberg_autopost":false,"fifu_image_url":"","fifu_image_alt":"","footnotes":""},"categories":[1],"tags":[244,14,42,118,17,15,13,99,66,250,63,186,68],"class_list":{"0":"post-1134","1":"post","2":"type-post","3":"status-publish","4":"format-standard","5":"has-post-thumbnail","7":"category-sem-categoria","8":"tag-bomgosto","9":"tag-casamento","10":"tag-casamentonocampo","11":"tag-decor","12":"tag-decoracao","13":"tag-eventos","14":"tag-eventuale","15":"tag-inspiracao","16":"tag-love","17":"tag-luxo","18":"tag-noivas","19":"tag-noivas2020","20":"tag-tendencia","21":"czr-hentry"},"_links":{"self":[{"href":"https:\/\/eventuale.com.br\/index.php\/wp-json\/wp\/v2\/posts\/1134","targetHints":{"allow":["GET"]}}],"collection":[{"href":"https:\/\/eventuale.com.br\/index.php\/wp-json\/wp\/v2\/posts"}],"about":[{"href":"https:\/\/eventuale.com.br\/index.php\/wp-json\/wp\/v2\/types\/post"}],"author":[{"embeddable":true,"href":"https:\/\/eventuale.com.br\/index.php\/wp-json\/wp\/v2\/users\/1"}],"replies":[{"embeddable":true,"href":"https:\/\/eventuale.com.br\/index.php\/wp-json\/wp\/v2\/comments?post=1134"}],"version-history":[{"count":0,"href":"https:\/\/eventuale.com.br\/index.php\/wp-json\/wp\/v2\/posts\/1134\/revisions"}],"wp:featuredmedia":[{"embeddable":true,"href":"https:\/\/eventuale.com.br\/index.php\/wp-json\/wp\/v2\/media\/1135"}],"wp:attachment":[{"href":"https:\/\/eventuale.com.br\/index.php\/wp-json\/wp\/v2\/media?parent=1134"}],"wp:term":[{"taxonomy":"category","embeddable":true,"href":"https:\/\/eventuale.com.br\/index.php\/wp-json\/wp\/v2\/categories?post=1134"},{"taxonomy":"post_tag","embeddable":true,"href":"https:\/\/eventuale.com.br\/index.php\/wp-json\/wp\/v2\/tags?post=1134"}],"curies":[{"name":"wp","href":"https:\/\/api.w.org\/{rel}","templated":true}]}}