{"id":1110,"date":"2019-10-22T14:04:33","date_gmt":"2019-10-22T17:04:33","guid":{"rendered":"http:\/\/eventuale.com.br\/index.php\/2019\/10\/22\/as-mesas-de-doces-e-a-de-familia-sao-sempre-pontos-de-destaque-num-casamento-e\/"},"modified":"2019-10-22T14:04:33","modified_gmt":"2019-10-22T17:04:33","slug":"as-mesas-de-doces-e-a-de-familia-sao-sempre-pontos-de-destaque-num-casamento-e","status":"publish","type":"post","link":"https:\/\/eventuale.com.br\/index.php\/2019\/10\/22\/as-mesas-de-doces-e-a-de-familia-sao-sempre-pontos-de-destaque-num-casamento-e\/","title":{"rendered":"As mesas de doces e a de fam\u00edlia s\u00e3o sempre pontos de destaque num casamento! E &#8230;"},"content":{"rendered":"\n<a href=\"http:\/\/instagram.com\/p\/B37Z6d4hF2I\"><img decoding=\"async\" src=\"https:\/\/eventuale.com.br\/wp-content\/uploads\/2021\/06\/75588031_470755766861991_1639387197126591597_n.jpg\" \/><img decoding=\"async\" src=\"https:\/\/eventuale.com.br\/wp-content\/uploads\/2021\/06\/74715147_700107720487590_2472656807449558016_n.jpg\" \/><\/a><\/p>\n<p>As mesas de doces e a de fam\u00edlia s\u00e3o sempre pontos de destaque num casamento! E quando elas ficam harmonizadas no mesmo ambiente, o resultado \u00e9 maravilhoso! Este projeto lindo foi de @carolecamilabraga , fizemos em Araras (RJ), no s\u00edtio da fam\u00edlia! Cas\u00f3rio com clima de serra, cheio de amor e energia positiva! Foi demais!!! Flores @toninhoaleixodecorador e ilumina\u00e7\u00e3o @sl_eventos \u2764\ufe0f\u2764\ufe0f\u2764\ufe0f #casamento #decor #decoracao #casamentonocampo #inspira\u00e7\u00e3o #tendencia #love #eventos #noiva #noivas #noivas2020  #eventuale<\/p>\n\n<br \/><a href=\"http:\/\/instagram.com\/p\/B37Z6d4hF2I\">Source<\/a><\/p>\n","protected":false},"excerpt":{"rendered":"<p>As mesas de doces e a de fam\u00edlia s\u00e3o sempre pontos de destaque num casamento! E quando elas ficam harmonizadas no mesmo ambiente, o resultado \u00e9 maravilhoso! Este projeto lindo foi de @carolecamilabraga , fizemos em Araras (RJ), no s\u00edtio da fam\u00edlia! Cas\u00f3rio com clima de serra, cheio de amor e energia positiva! Foi demais!!! [&hellip;]<\/p>\n","protected":false},"author":1,"featured_media":1111,"comment_status":"open","ping_status":"open","sticky":false,"template":"","format":"standard","meta":{"_mbp_gutenberg_autopost":false,"fifu_image_url":"","fifu_image_alt":"","footnotes":""},"categories":[1],"tags":[14,42,118,17,15,13,99,66,46,63,186,68],"class_list":{"0":"post-1110","1":"post","2":"type-post","3":"status-publish","4":"format-standard","5":"has-post-thumbnail","7":"category-sem-categoria","8":"tag-casamento","9":"tag-casamentonocampo","10":"tag-decor","11":"tag-decoracao","12":"tag-eventos","13":"tag-eventuale","14":"tag-inspiracao","15":"tag-love","16":"tag-noiva","17":"tag-noivas","18":"tag-noivas2020","19":"tag-tendencia","20":"czr-hentry"},"_links":{"self":[{"href":"https:\/\/eventuale.com.br\/index.php\/wp-json\/wp\/v2\/posts\/1110","targetHints":{"allow":["GET"]}}],"collection":[{"href":"https:\/\/eventuale.com.br\/index.php\/wp-json\/wp\/v2\/posts"}],"about":[{"href":"https:\/\/eventuale.com.br\/index.php\/wp-json\/wp\/v2\/types\/post"}],"author":[{"embeddable":true,"href":"https:\/\/eventuale.com.br\/index.php\/wp-json\/wp\/v2\/users\/1"}],"replies":[{"embeddable":true,"href":"https:\/\/eventuale.com.br\/index.php\/wp-json\/wp\/v2\/comments?post=1110"}],"version-history":[{"count":0,"href":"https:\/\/eventuale.com.br\/index.php\/wp-json\/wp\/v2\/posts\/1110\/revisions"}],"wp:featuredmedia":[{"embeddable":true,"href":"https:\/\/eventuale.com.br\/index.php\/wp-json\/wp\/v2\/media\/1111"}],"wp:attachment":[{"href":"https:\/\/eventuale.com.br\/index.php\/wp-json\/wp\/v2\/media?parent=1110"}],"wp:term":[{"taxonomy":"category","embeddable":true,"href":"https:\/\/eventuale.com.br\/index.php\/wp-json\/wp\/v2\/categories?post=1110"},{"taxonomy":"post_tag","embeddable":true,"href":"https:\/\/eventuale.com.br\/index.php\/wp-json\/wp\/v2\/tags?post=1110"}],"curies":[{"name":"wp","href":"https:\/\/api.w.org\/{rel}","templated":true}]}}