{"id":1092,"date":"2020-01-11T11:47:04","date_gmt":"2020-01-11T14:47:04","guid":{"rendered":"http:\/\/eventuale.com.br\/index.php\/2020\/01\/11\/paixao-pelos-mini-weddings-que-estao-super-em-alta-feitos-para-poucos-convidad\/"},"modified":"2020-01-11T11:47:04","modified_gmt":"2020-01-11T14:47:04","slug":"paixao-pelos-mini-weddings-que-estao-super-em-alta-feitos-para-poucos-convidad","status":"publish","type":"post","link":"https:\/\/eventuale.com.br\/index.php\/2020\/01\/11\/paixao-pelos-mini-weddings-que-estao-super-em-alta-feitos-para-poucos-convidad\/","title":{"rendered":"Paix\u00e3o pelos mini weddings, que est\u00e3o super em alta! Feitos para poucos convidad&#8230;"},"content":{"rendered":"\n<a href=\"http:\/\/instagram.com\/p\/B7LukVnhjlD\"><img decoding=\"async\" src=\"https:\/\/eventuale.com.br\/wp-content\/uploads\/2021\/06\/81864478_787674708310606_912735812292764109_n.jpg\" \/><img decoding=\"async\" src=\"https:\/\/eventuale.com.br\/wp-content\/uploads\/2021\/06\/81998540_2426398027675996_3704583160975115264_n.jpg\" \/><img decoding=\"async\" src=\"https:\/\/eventuale.com.br\/wp-content\/uploads\/2021\/06\/81394785_604364627061779_7369075550533233367_n.jpg\" \/><img decoding=\"async\" src=\"https:\/\/eventuale.com.br\/wp-content\/uploads\/2021\/06\/81967166_158944338767624_5617020968628730210_n.jpg\" \/><img decoding=\"async\" src=\"https:\/\/eventuale.com.br\/wp-content\/uploads\/2021\/06\/80881246_923218261476298_2864222506955497372_n.jpg\" \/><\/a><\/p>\n<p>Paix\u00e3o pelos mini weddings, que est\u00e3o super em alta! Feitos para poucos convidados, eles s\u00e3o realizados, geralmente, ao ar livre, e t\u00eam uma decora\u00e7\u00e3o mais intimista, sempre com a \u201ccara\u201d do casal. Este lindo a\u00ed foi o dos queridos Manel e Lissa. Bom demais fazermos parte deste tim\u00e3o: @espacodelacruz @estudiomegazap @kenzifilms @zero21eventos @deliciasdalilijf @reservamarina_jf @la_fiesta_buffet @partie_decor @beijaflores.decoracoes #casamento #decora\u00e7\u00e3o #miniwedding #tendencia #inspiracao #bohostyle #eventos #eventuale<\/p>\n\n<br \/><a href=\"http:\/\/instagram.com\/p\/B7LukVnhjlD\">Source<\/a><\/p>\n","protected":false},"excerpt":{"rendered":"<p>Paix\u00e3o pelos mini weddings, que est\u00e3o super em alta! Feitos para poucos convidados, eles s\u00e3o realizados, geralmente, ao ar livre, e t\u00eam uma decora\u00e7\u00e3o mais intimista, sempre com a \u201ccara\u201d do casal. Este lindo a\u00ed foi o dos queridos Manel e Lissa. Bom demais fazermos parte deste tim\u00e3o: @espacodelacruz @estudiomegazap @kenzifilms @zero21eventos @deliciasdalilijf @reservamarina_jf @la_fiesta_buffet [&hellip;]<\/p>\n","protected":false},"author":1,"featured_media":1093,"comment_status":"open","ping_status":"open","sticky":false,"template":"","format":"standard","meta":{"_mbp_gutenberg_autopost":false,"fifu_image_url":"","fifu_image_alt":"","footnotes":""},"categories":[1],"tags":[243,14,17,15,13,99,71,68],"class_list":{"0":"post-1092","1":"post","2":"type-post","3":"status-publish","4":"format-standard","5":"has-post-thumbnail","7":"category-sem-categoria","8":"tag-bohostyle","9":"tag-casamento","10":"tag-decoracao","11":"tag-eventos","12":"tag-eventuale","13":"tag-inspiracao","14":"tag-miniwedding","15":"tag-tendencia","16":"czr-hentry"},"_links":{"self":[{"href":"https:\/\/eventuale.com.br\/index.php\/wp-json\/wp\/v2\/posts\/1092","targetHints":{"allow":["GET"]}}],"collection":[{"href":"https:\/\/eventuale.com.br\/index.php\/wp-json\/wp\/v2\/posts"}],"about":[{"href":"https:\/\/eventuale.com.br\/index.php\/wp-json\/wp\/v2\/types\/post"}],"author":[{"embeddable":true,"href":"https:\/\/eventuale.com.br\/index.php\/wp-json\/wp\/v2\/users\/1"}],"replies":[{"embeddable":true,"href":"https:\/\/eventuale.com.br\/index.php\/wp-json\/wp\/v2\/comments?post=1092"}],"version-history":[{"count":0,"href":"https:\/\/eventuale.com.br\/index.php\/wp-json\/wp\/v2\/posts\/1092\/revisions"}],"wp:featuredmedia":[{"embeddable":true,"href":"https:\/\/eventuale.com.br\/index.php\/wp-json\/wp\/v2\/media\/1093"}],"wp:attachment":[{"href":"https:\/\/eventuale.com.br\/index.php\/wp-json\/wp\/v2\/media?parent=1092"}],"wp:term":[{"taxonomy":"category","embeddable":true,"href":"https:\/\/eventuale.com.br\/index.php\/wp-json\/wp\/v2\/categories?post=1092"},{"taxonomy":"post_tag","embeddable":true,"href":"https:\/\/eventuale.com.br\/index.php\/wp-json\/wp\/v2\/tags?post=1092"}],"curies":[{"name":"wp","href":"https:\/\/api.w.org\/{rel}","templated":true}]}}